{"id":16633,"date":"2022-09-14T14:16:27","date_gmt":"2022-09-14T12:16:27","guid":{"rendered":"https:\/\/oswald-sorge.ch\/valeur-locative\/"},"modified":"2022-09-14T14:16:28","modified_gmt":"2022-09-14T12:16:28","slug":"valeur-locative","status":"publish","type":"post","link":"https:\/\/oswald-sorge.ch\/fr\/valeur-locative\/","title":{"rendered":"Valeur locative"},"content":{"rendered":"<div class=\"fusion-fullwidth fullwidth-box fusion-builder-row-1 fusion-flex-container nonhundred-percent-fullwidth non-hundred-percent-height-scrolling gradient-container-1\" style=\"--awb-border-radius-top-left:0px;--awb-border-radius-top-right:0px;--awb-border-radius-bottom-right:0px;--awb-border-radius-bottom-left:0px;--awb-flex-wrap:wrap;\" ><div class=\"fusion-builder-row fusion-row fusion-flex-align-items-flex-start fusion-flex-content-wrap\" style=\"max-width:calc( 92% + 0px );margin-left: calc(-0px \/ 2 );margin-right: calc(-0px \/ 2 );\"><div class=\"fusion-layout-column fusion_builder_column fusion-builder-column-0 fusion_builder_column_1_1 1_1 fusion-flex-column fusion-animated\" style=\"--awb-bg-color:#ffffff;--awb-bg-color-hover:#ffffff;--awb-bg-size:cover;--awb-width-large:100%;--awb-margin-top-large:0px;--awb-spacing-right-large:0px;--awb-margin-bottom-large:20px;--awb-spacing-left-large:0px;--awb-width-medium:100%;--awb-spacing-right-medium:0px;--awb-spacing-left-medium:0px;--awb-width-small:100%;--awb-spacing-right-small:0px;--awb-spacing-left-small:0px;\" data-animationType=\"fadeInDown\" data-animationDuration=\"0.7\" data-animationOffset=\"top-into-view\"><div class=\"fusion-column-wrapper fusion-flex-justify-content-flex-start fusion-content-layout-column\"><div class=\"fusion-separator fusion-full-width-sep\" style=\"align-self: center;margin-left: auto;margin-right: auto;margin-bottom:3%;width:100%;\"><\/div><div class=\"fusion-separator fusion-full-width-sep\" style=\"align-self: center;margin-left: auto;margin-right: auto;margin-bottom:3%;width:100%;\"><\/div><div class=\"fusion-title title fusion-title-1 fusion-sep-none fusion-title-text fusion-title-size-two\"><h2 class=\"fusion-title-heading title-heading-left fusion-responsive-typography-calculated\" style=\"margin:0;--fontSize:42;line-height:1.3;\">Adieu valeur locative ?<\/h2><\/div><div class=\"fusion-text fusion-text-1\"><p style=\"color: #000000; font-size: 28px;\" data-fusion-font=\"true\"><strong>La valeur locative est depuis longtemps une \u00e9pine dans le pied de la plupart des propri\u00e9taires de logements \u00e0 usage personnel et constitue depuis des ann\u00e9es un sujet de pr\u00e9occupation. Il semble maintenant qu&rsquo;il y ait \u00e0 nouveau une lueur d&rsquo;espoir : Le 21 septembre 2021, le Conseil des Etats a soutenu la r\u00e9vision de la loi \u00e0 une courte majorit\u00e9. L&rsquo;imposition de la valeur locative doit \u00eatre supprim\u00e9e au niveau f\u00e9d\u00e9ral et cantonal. <\/strong><\/p>\n<p style=\"color: #000000; font-size: 28px;\" data-fusion-font=\"true\">PAR STEFAN KESSLER<\/p>\n<\/div><div class=\"fusion-separator fusion-full-width-sep\" style=\"align-self: center;margin-left: auto;margin-right: auto;margin-bottom:3%;width:100%;\"><\/div><div class=\"fusion-text fusion-text-2 awb-text-cols fusion-text-columns-2\" style=\"--awb-font-size:25px;--awb-columns:2;--awb-column-spacing:40px;--awb-column-min-width:100px;\"><p>L&rsquo;id\u00e9e a d\u00e9j\u00e0 \u00e9chou\u00e9 deux fois dans les urnes et plusieurs fois au Parlement. Aujourd&rsquo;hui, le Conseil des Etats veut \u00e0 nouveau abolir la valeur locative controvers\u00e9e. Il a approuv\u00e9 un projet de loi en ce sens en tant que premier conseil par 20 voix contre 17 et 2 abstentions.<\/p>\n<p>Le projet de loi va maintenant \u00eatre soumis au Conseil national ou, avant cela, \u00e0 la commission du Conseil national. Toutefois, si les deux chambres se mettent d&rsquo;accord, il sera toujours possible de lancer un r\u00e9f\u00e9rendum (50 000 signatures dans un d\u00e9lai de 100 jours). Si le r\u00e9f\u00e9rendum aboutit, le projet sera soumis au peuple. Cela signifie que, d&rsquo;une mani\u00e8re ou d&rsquo;une autre, il faudra encore un certain temps avant que la valeur locative ne soit supprim\u00e9e, si elle l&rsquo;est.<\/p>\n<p>De quoi s&rsquo;agit-il exactement ? L&rsquo;id\u00e9e de la valeur locative est que les propri\u00e9taires d&rsquo;un bien immobilier \u00e0 usage propre (maison individuelle, appartement en copropri\u00e9t\u00e9) doivent d\u00e9clarer comme revenu un revenu locatif estim\u00e9 (revenu imposable des biens immobiliers) qui r\u00e9sulterait d&rsquo;une location \u00e0 des tiers.<\/p>\n<p>L&rsquo;utilisation personnelle cr\u00e9e un avantage mon\u00e9taire (\u00e9conomie de loyer). En revanche, les frais de capital et de gestion peuvent \u00eatre d\u00e9duits. Il s&rsquo;agit donc d&rsquo;une \u00e9galit\u00e9 de traitement fiscal.<\/p>\n<p>Mais pour de nombreux propri\u00e9taires*, il est difficile, voire impossible, de comprendre le sens et l&rsquo;objectif de l&rsquo;imposition d&rsquo;un revenu per\u00e7u comme \u00ab\u00a0fictif\u00a0\u00bb. Ils se consid\u00e8rent comme d\u00e9savantag\u00e9s. Les critiques \u00e9manent en particulier des retrait\u00e9s*, ce qui est compr\u00e9hensible. Le solde entre la valeur locative et les d\u00e9ductions est toujours consid\u00e9rable et est consid\u00e9r\u00e9 comme un revenu.<\/p>\n<p>De plus, cela n&rsquo;incite pas \u00e0 amortir, ce qui explique le niveau \u00e9lev\u00e9 de l&rsquo;endettement priv\u00e9 (champion du monde des hypoth\u00e8ques). Par ailleurs, la Suisse est le seul pays d&rsquo;Europe \u00e0 taxer une valeur locative comme un revenu.<\/p>\n<p><img data-opt-id=2143929180  fetchpriority=\"high\" decoding=\"async\" class=\"size-large wp-image-5438 alignleft\" title=\"pexels production de campus 8871409\" src=\"https:\/\/mldvsdannycf.i.optimole.com\/cb:bpag.c968\/w:1024\/h:684\/q:mauto\/f:best\/https:\/\/oswald-sorge.ch\/wp-content\/uploads\/pexels-kampus-production-8871409.jpg\" alt=\"pexels production de campus 8871409\" width=\"1024\" height=\"684\" srcset=\"https:\/\/mldvsdannycf.i.optimole.com\/cb:bpag.c968\/w:75\/h:50\/q:mauto\/f:best\/https:\/\/oswald-sorge.ch\/wp-content\/uploads\/pexels-kampus-production-8871409-scaled.jpg 75w, https:\/\/mldvsdannycf.i.optimole.com\/cb:bpag.c968\/w:125\/h:83\/q:mauto\/f:best\/https:\/\/oswald-sorge.ch\/wp-content\/uploads\/pexels-kampus-production-8871409-scaled.jpg 125w, https:\/\/mldvsdannycf.i.optimole.com\/cb:bpag.c968\/w:200\/h:134\/q:mauto\/f:best\/https:\/\/oswald-sorge.ch\/wp-content\/uploads\/pexels-kampus-production-8871409-scaled.jpg 200w, https:\/\/mldvsdannycf.i.optimole.com\/cb:bpag.c968\/w:300\/h:200\/q:mauto\/f:best\/https:\/\/oswald-sorge.ch\/wp-content\/uploads\/pexels-kampus-production-8871409-scaled.jpg 300w, https:\/\/mldvsdannycf.i.optimole.com\/cb:bpag.c968\/w:400\/h:267\/q:mauto\/f:best\/https:\/\/oswald-sorge.ch\/wp-content\/uploads\/pexels-kampus-production-8871409-scaled.jpg 400w, https:\/\/mldvsdannycf.i.optimole.com\/cb:bpag.c968\/w:600\/h:401\/q:mauto\/f:best\/https:\/\/oswald-sorge.ch\/wp-content\/uploads\/pexels-kampus-production-8871409-scaled.jpg 600w, https:\/\/mldvsdannycf.i.optimole.com\/cb:bpag.c968\/w:768\/h:513\/q:mauto\/f:best\/https:\/\/oswald-sorge.ch\/wp-content\/uploads\/pexels-kampus-production-8871409-scaled.jpg 768w, https:\/\/mldvsdannycf.i.optimole.com\/cb:bpag.c968\/w:800\/h:534\/q:mauto\/f:best\/https:\/\/oswald-sorge.ch\/wp-content\/uploads\/pexels-kampus-production-8871409-scaled.jpg 800w, https:\/\/mldvsdannycf.i.optimole.com\/cb:bpag.c968\/w:1024\/h:684\/q:mauto\/f:best\/https:\/\/oswald-sorge.ch\/wp-content\/uploads\/pexels-kampus-production-8871409-scaled.jpg 1024w, https:\/\/mldvsdannycf.i.optimole.com\/cb:bpag.c968\/w:1200\/h:801\/q:mauto\/f:best\/https:\/\/oswald-sorge.ch\/wp-content\/uploads\/pexels-kampus-production-8871409-scaled.jpg 1200w, https:\/\/mldvsdannycf.i.optimole.com\/cb:bpag.c968\/w:1536\/h:1026\/q:mauto\/f:best\/https:\/\/oswald-sorge.ch\/wp-content\/uploads\/pexels-kampus-production-8871409-scaled.jpg 1536w, https:\/\/mldvsdannycf.i.optimole.com\/cb:bpag.c968\/w:1536\/h:1026\/q:mauto\/f:best\/dpr:2\/https:\/\/oswald-sorge.ch\/wp-content\/uploads\/pexels-kampus-production-8871409-scaled.jpg 2x\" sizes=\"(max-width: 1024px) 100vw, 1024px\" \/><\/p>\n<\/div><div class=\"fusion-separator fusion-full-width-sep\" style=\"align-self: center;margin-left: auto;margin-right: auto;margin-bottom:3%;width:100%;\"><\/div><div class=\"fusion-title title fusion-title-2 fusion-sep-none fusion-title-text fusion-title-size-two\"><h2 class=\"fusion-title-heading title-heading-left fusion-responsive-typography-calculated\" style=\"margin:0;--fontSize:42;line-height:1.3;\">Comment sont fix\u00e9es les valeurs locatives ?<\/h2><\/div><div class=\"fusion-text fusion-text-3 awb-text-cols fusion-text-columns-2\" style=\"--awb-font-size:25px;--awb-columns:2;--awb-column-spacing:40px;--awb-column-min-width:100px;\"><p>Par l&rsquo;administration fiscale. Celle-ci doit prendre en compte diff\u00e9rents principes dans le calcul de la taxe (par exemple, la valeur d&rsquo;assurance du b\u00e2timent, la situation du logement, la surface, l&rsquo;ann\u00e9e de construction, etc.)<\/p>\n<p>La base l\u00e9gale de la valeur locative se trouve dans la loi f\u00e9d\u00e9rale sur l&rsquo;imp\u00f4t f\u00e9d\u00e9ral direct (LIFD). Dans l&rsquo;article 21, on lit : \u00ab\u00a0Sont imposables les revenus des biens immobiliers, notamment : b) la valeur locative des immeubles ou parties d&rsquo;immeubles dont le contribuable a la disposition pour son usage personnel en vertu d&rsquo;un droit de propri\u00e9t\u00e9 ou d&rsquo;un droit de jouissance \u00e0 titre gratuit\u00a0\u00bb.<\/p>\n<p>En outre, les cantons fixent d&rsquo;autres dispositions dans leurs propres lois fiscales. Par exemple, dans la loi fiscale du canton de Zurich, la valeur locative doit \u00eatre fix\u00e9e \u00e0 70% maximum de la valeur du march\u00e9, afin d&rsquo;encourager l&rsquo;accession \u00e0 la propri\u00e9t\u00e9 et la pr\u00e9voyance individuelle. Par ailleurs, la loi fiscale zurichoise stipule que les caract\u00e9ristiques qualitatives des biens immobiliers, qui auraient \u00e9galement une influence d\u00e9terminante sur le loyer en cas de location, doivent \u00eatre prises en compte en cons\u00e9quence.<\/p>\n<p>Eh bien, comme je l&rsquo;ai dit, le dernier mot n&rsquo;a pas encore \u00e9t\u00e9 dit. En tout cas, aucun changement de syst\u00e8me susceptible de recueillir une majorit\u00e9 n&rsquo;a \u00e9t\u00e9 trouv\u00e9 jusqu&rsquo;\u00e0 pr\u00e9sent. Nous verrons bien.<\/p>\n<\/div><div class=\"fusion-separator fusion-full-width-sep\" style=\"align-self: center;margin-left: auto;margin-right: auto;margin-bottom:7%;width:100%;\"><\/div><\/div><\/div><\/div><\/div>\n","protected":false},"excerpt":{"rendered":"<p>La valeur locative est depuis longtemps une \u00e9pine dans le pied de la plupart des propri\u00e9taires de logements \u00e0 usage personnel et constitue depuis des ann\u00e9es un sujet de pr\u00e9occupation.<\/p>\n","protected":false},"author":1,"featured_media":6960,"comment_status":"open","ping_status":"open","sticky":false,"template":"","format":"standard","meta":{"footnotes":""},"categories":[118],"tags":[],"class_list":["post-16633","post","type-post","status-publish","format-standard","has-post-thumbnail","hentry","category-event-fr"],"_links":{"self":[{"href":"https:\/\/oswald-sorge.ch\/fr\/wp-json\/wp\/v2\/posts\/16633","targetHints":{"allow":["GET"]}}],"collection":[{"href":"https:\/\/oswald-sorge.ch\/fr\/wp-json\/wp\/v2\/posts"}],"about":[{"href":"https:\/\/oswald-sorge.ch\/fr\/wp-json\/wp\/v2\/types\/post"}],"author":[{"embeddable":true,"href":"https:\/\/oswald-sorge.ch\/fr\/wp-json\/wp\/v2\/users\/1"}],"replies":[{"embeddable":true,"href":"https:\/\/oswald-sorge.ch\/fr\/wp-json\/wp\/v2\/comments?post=16633"}],"version-history":[{"count":0,"href":"https:\/\/oswald-sorge.ch\/fr\/wp-json\/wp\/v2\/posts\/16633\/revisions"}],"wp:featuredmedia":[{"embeddable":true,"href":"https:\/\/oswald-sorge.ch\/fr\/wp-json\/wp\/v2\/media\/6960"}],"wp:attachment":[{"href":"https:\/\/oswald-sorge.ch\/fr\/wp-json\/wp\/v2\/media?parent=16633"}],"wp:term":[{"taxonomy":"category","embeddable":true,"href":"https:\/\/oswald-sorge.ch\/fr\/wp-json\/wp\/v2\/categories?post=16633"},{"taxonomy":"post_tag","embeddable":true,"href":"https:\/\/oswald-sorge.ch\/fr\/wp-json\/wp\/v2\/tags?post=16633"}],"curies":[{"name":"wp","href":"https:\/\/api.w.org\/{rel}","templated":true}]}}