{"id":9178,"date":"2021-11-12T11:42:20","date_gmt":"2021-11-12T10:42:20","guid":{"rendered":"https:\/\/oswald-sorge.ch\/valore-locativo-attribuito\/"},"modified":"2021-11-17T11:11:57","modified_gmt":"2021-11-17T10:11:57","slug":"valore-locativo-attribuito","status":"publish","type":"post","link":"https:\/\/oswald-sorge.ch\/it\/valore-locativo-attribuito\/","title":{"rendered":"Valore locativo attribuito"},"content":{"rendered":"<div class=\"fusion-fullwidth fullwidth-box fusion-builder-row-1 fusion-flex-container nonhundred-percent-fullwidth non-hundred-percent-height-scrolling gradient-container-1\" style=\"--awb-border-radius-top-left:0px;--awb-border-radius-top-right:0px;--awb-border-radius-bottom-right:0px;--awb-border-radius-bottom-left:0px;--awb-flex-wrap:wrap;\" ><div class=\"fusion-builder-row fusion-row fusion-flex-align-items-flex-start fusion-flex-content-wrap\" style=\"max-width:calc( 92% + 0px );margin-left: calc(-0px \/ 2 );margin-right: calc(-0px \/ 2 );\"><div class=\"fusion-layout-column fusion_builder_column fusion-builder-column-0 fusion_builder_column_1_1 1_1 fusion-flex-column fusion-animated\" style=\"--awb-bg-color:#ffffff;--awb-bg-color-hover:#ffffff;--awb-bg-size:cover;--awb-width-large:100%;--awb-margin-top-large:0px;--awb-spacing-right-large:0px;--awb-margin-bottom-large:20px;--awb-spacing-left-large:0px;--awb-width-medium:100%;--awb-spacing-right-medium:0px;--awb-spacing-left-medium:0px;--awb-width-small:100%;--awb-spacing-right-small:0px;--awb-spacing-left-small:0px;\" data-animationType=\"fadeInDown\" data-animationDuration=\"0.7\" data-animationOffset=\"top-into-view\"><div class=\"fusion-column-wrapper fusion-flex-justify-content-flex-start fusion-content-layout-column\"><div class=\"fusion-separator fusion-full-width-sep\" style=\"align-self: center;margin-left: auto;margin-right: auto;margin-bottom:3%;width:100%;\"><\/div><div class=\"fusion-separator fusion-full-width-sep\" style=\"align-self: center;margin-left: auto;margin-right: auto;margin-bottom:3%;width:100%;\"><\/div><div class=\"fusion-title title fusion-title-1 fusion-sep-none fusion-title-text fusion-title-size-two\"><h2 class=\"fusion-title-heading title-heading-left fusion-responsive-typography-calculated\" style=\"margin:0;--fontSize:42;line-height:1.3;\">Addio valore locativo?<\/h2><\/div><div class=\"fusion-text fusion-text-1\"><p style=\"color: #000000; font-size: 28px;\" data-fusion-font=\"true\">Il valore locativo \u00e8 stato a lungo una spina nel fianco della maggior parte dei proprietari di immobili di propriet\u00e0 ed \u00e8 stato un problema per anni. Ora sembra esserci una luce alla fine del tunnel: Il 21 settembre 2021, il Consiglio degli Stati ha sostenuto la revisione della legge con una stretta maggioranza. La tassazione del valore locativo deve essere abolita a livello federale e cantonale.<\/p>\n<p style=\"color: #000000; font-size: 28px;\" data-fusion-font=\"true\">DI STEFAN KESSLER<\/p>\n<\/div><div class=\"fusion-separator fusion-full-width-sep\" style=\"align-self: center;margin-left: auto;margin-right: auto;margin-bottom:3%;width:100%;\"><\/div><div class=\"fusion-text fusion-text-2 awb-text-cols fusion-text-columns-2\" style=\"--awb-font-size:25px;--awb-columns:2;--awb-column-spacing:40px;--awb-column-min-width:100px;\"><p>L\u2019idea \u00e8 gi\u00e0 fallita due volte alle urne e pi\u00f9 volte in parlamento. Ora il Consiglio degli Stati vuole abolire di nuovo il controverso valore locativo. Ha approvato un progetto di legge con 20 voti a 17 e 2 astensioni.<\/p>\n<p>Ora il disegno di legge va al Consiglio Nazionale o, prima ancora, alla Commissione del Consiglio Nazionale. Se i due consigli sono d\u2019accordo, tuttavia, un referendum pu\u00f2 essere ancora avviato (50.000 firme entro 100 giorni). Se il referendum avr\u00e0 successo, il progetto di legge sar\u00e0 sottoposto al popolo. Questo significa che in entrambi i casi ci vorr\u00e0 del tempo prima che il valore di locazione imputato venga abolito, se mai lo sar\u00e0.<\/p>\n<p>Di cosa si tratta esattamente? L\u2019idea del valore locativo \u00e8 che i proprietari di un immobile occupato dal proprietario (casa unifamiliare, condominio) devono pagare l\u2019imposta su un reddito locativo stimato come reddito (reddito imponibile da beni immobili) che risulterebbe dall\u2019affitto a terzi.<\/p>\n<p>L\u2019uso proprio crea un beneficio monetario (risparmio sull\u2019affitto). I costi di capitale e di gestione possono essere dedotti per questo. Si tratta quindi di una questione di parit\u00e0 di trattamento fiscale.<\/p>\n<p>Ma per molti proprietari di case, lo scopo di tassare quello che \u00e8 percepito come un reddito \u201cfittizio\u201d \u00e8 difficile da capire. Le critiche vengono soprattutto dai pensionati, il che \u00e8 comprensibile. Il saldo tra il valore locativo e le deduzioni \u00e8 ancora considerevole e conta come reddito.<\/p>\n<p>Inoltre, non c\u2019\u00e8 incentivo ad ammortizzare, il che spiega l\u2019alto livello di debito privato (campione del mondo dei mutui). Per inciso, la Svizzera \u00e8 l\u2019unico paese in Europa che tassa il valore locativo imputato come reddito.<\/p>\n<p><img data-opt-id=2143929180  fetchpriority=\"high\" decoding=\"async\" class=\"size-large wp-image-5438 alignleft\" title=\"pexels produzione kampus 8871409\" src=\"https:\/\/mldvsdannycf.i.optimole.com\/cb:bpag.c968\/w:1024\/h:684\/q:mauto\/f:best\/https:\/\/oswald-sorge.ch\/wp-content\/uploads\/pexels-kampus-production-8871409.jpg\" alt=\"pexels produzione kampus 8871409\" width=\"1024\" height=\"684\" srcset=\"https:\/\/mldvsdannycf.i.optimole.com\/cb:bpag.c968\/w:75\/h:50\/q:mauto\/f:best\/https:\/\/oswald-sorge.ch\/wp-content\/uploads\/pexels-kampus-production-8871409-scaled.jpg 75w, https:\/\/mldvsdannycf.i.optimole.com\/cb:bpag.c968\/w:125\/h:83\/q:mauto\/f:best\/https:\/\/oswald-sorge.ch\/wp-content\/uploads\/pexels-kampus-production-8871409-scaled.jpg 125w, https:\/\/mldvsdannycf.i.optimole.com\/cb:bpag.c968\/w:200\/h:134\/q:mauto\/f:best\/https:\/\/oswald-sorge.ch\/wp-content\/uploads\/pexels-kampus-production-8871409-scaled.jpg 200w, https:\/\/mldvsdannycf.i.optimole.com\/cb:bpag.c968\/w:300\/h:200\/q:mauto\/f:best\/https:\/\/oswald-sorge.ch\/wp-content\/uploads\/pexels-kampus-production-8871409-scaled.jpg 300w, https:\/\/mldvsdannycf.i.optimole.com\/cb:bpag.c968\/w:400\/h:267\/q:mauto\/f:best\/https:\/\/oswald-sorge.ch\/wp-content\/uploads\/pexels-kampus-production-8871409-scaled.jpg 400w, https:\/\/mldvsdannycf.i.optimole.com\/cb:bpag.c968\/w:600\/h:401\/q:mauto\/f:best\/https:\/\/oswald-sorge.ch\/wp-content\/uploads\/pexels-kampus-production-8871409-scaled.jpg 600w, https:\/\/mldvsdannycf.i.optimole.com\/cb:bpag.c968\/w:768\/h:513\/q:mauto\/f:best\/https:\/\/oswald-sorge.ch\/wp-content\/uploads\/pexels-kampus-production-8871409-scaled.jpg 768w, https:\/\/mldvsdannycf.i.optimole.com\/cb:bpag.c968\/w:800\/h:534\/q:mauto\/f:best\/https:\/\/oswald-sorge.ch\/wp-content\/uploads\/pexels-kampus-production-8871409-scaled.jpg 800w, https:\/\/mldvsdannycf.i.optimole.com\/cb:bpag.c968\/w:1024\/h:684\/q:mauto\/f:best\/https:\/\/oswald-sorge.ch\/wp-content\/uploads\/pexels-kampus-production-8871409-scaled.jpg 1024w, https:\/\/mldvsdannycf.i.optimole.com\/cb:bpag.c968\/w:1200\/h:801\/q:mauto\/f:best\/https:\/\/oswald-sorge.ch\/wp-content\/uploads\/pexels-kampus-production-8871409-scaled.jpg 1200w, https:\/\/mldvsdannycf.i.optimole.com\/cb:bpag.c968\/w:1536\/h:1026\/q:mauto\/f:best\/https:\/\/oswald-sorge.ch\/wp-content\/uploads\/pexels-kampus-production-8871409-scaled.jpg 1536w, https:\/\/mldvsdannycf.i.optimole.com\/cb:bpag.c968\/w:1536\/h:1026\/q:mauto\/f:best\/dpr:2\/https:\/\/oswald-sorge.ch\/wp-content\/uploads\/pexels-kampus-production-8871409-scaled.jpg 2x\" sizes=\"(max-width: 1024px) 100vw, 1024px\" \/><\/p>\n<\/div><div class=\"fusion-separator fusion-full-width-sep\" style=\"align-self: center;margin-left: auto;margin-right: auto;margin-bottom:3%;width:100%;\"><\/div><div class=\"fusion-title title fusion-title-2 fusion-sep-none fusion-title-text fusion-title-size-two\"><h2 class=\"fusion-title-heading title-heading-left fusion-responsive-typography-calculated\" style=\"margin:0;--fontSize:42;line-height:1.3;\">Come vengono determinati i valori locativi?<\/h2><\/div><div class=\"fusion-text fusion-text-3 awb-text-cols fusion-text-columns-2\" style=\"--awb-font-size:25px;--awb-columns:2;--awb-column-spacing:40px;--awb-column-min-width:100px;\"><p>Dall\u2019autorit\u00e0 fiscale. Questo deve prendere in considerazione vari principi nel calcolo dell\u2019imposta (per esempio il valore assicurativo dell\u2019edificio, la posizione residenziale, la zona, l\u2019anno di costruzione, ecc.)<\/p>\n<p>La base giuridica per il valore locativo imputato si trova nella legge federale sull\u2019imposta federale diretta (DBG). L\u2019articolo 21 recita: \u201cSono imponibili i redditi da beni immobili, in particolare: b) il valore locativo di beni immobili o parti di beni immobili di cui il contribuente dispone per il proprio uso in base alla propriet\u00e0 o a un diritto di uso gratuito\u201d.<\/p>\n<p>Inoltre, i cantoni stabiliscono ulteriori disposizioni nelle loro leggi fiscali. Per esempio, nella legge fiscale del Cantone di Zurigo, il valore locativo \u00e8 fissato a un massimo del 70 per cento del valore di mercato per promuovere la formazione della propriet\u00e0 e l\u2019autoproduzione. Inoltre, la legge fiscale zurighese stabilisce che le caratteristiche qualitative degli immobili, che in caso di locazione influenzerebbero notevolmente anche l\u2019affitto, devono essere prese in considerazione di conseguenza.<\/p>\n<p>Beh, come ho detto, l\u2019ultima parola non \u00e8 ancora stata detta. Finora, almeno, non \u00e8 stato trovato nessun cambiamento nel sistema che possa comandare una maggioranza. Vedremo.<\/p>\n<\/div><div class=\"fusion-separator fusion-full-width-sep\" style=\"align-self: center;margin-left: auto;margin-right: auto;margin-bottom:7%;width:100%;\"><\/div><\/div><\/div><\/div><\/div>\n","protected":false},"excerpt":{"rendered":"<p>Il valore locativo imputato \u00e8 stato a lungo una spina nel fianco della maggior parte dei proprietari di immobili di propriet\u00e0 ed \u00e8 stato un problema per anni.<\/p>\n","protected":false},"author":1,"featured_media":6961,"comment_status":"open","ping_status":"open","sticky":false,"template":"","format":"standard","meta":{"footnotes":""},"categories":[90],"tags":[],"class_list":["post-9178","post","type-post","status-publish","format-standard","has-post-thumbnail","hentry","category-evento"],"_links":{"self":[{"href":"https:\/\/oswald-sorge.ch\/it\/wp-json\/wp\/v2\/posts\/9178","targetHints":{"allow":["GET"]}}],"collection":[{"href":"https:\/\/oswald-sorge.ch\/it\/wp-json\/wp\/v2\/posts"}],"about":[{"href":"https:\/\/oswald-sorge.ch\/it\/wp-json\/wp\/v2\/types\/post"}],"author":[{"embeddable":true,"href":"https:\/\/oswald-sorge.ch\/it\/wp-json\/wp\/v2\/users\/1"}],"replies":[{"embeddable":true,"href":"https:\/\/oswald-sorge.ch\/it\/wp-json\/wp\/v2\/comments?post=9178"}],"version-history":[{"count":0,"href":"https:\/\/oswald-sorge.ch\/it\/wp-json\/wp\/v2\/posts\/9178\/revisions"}],"wp:featuredmedia":[{"embeddable":true,"href":"https:\/\/oswald-sorge.ch\/it\/wp-json\/wp\/v2\/media\/6961"}],"wp:attachment":[{"href":"https:\/\/oswald-sorge.ch\/it\/wp-json\/wp\/v2\/media?parent=9178"}],"wp:term":[{"taxonomy":"category","embeddable":true,"href":"https:\/\/oswald-sorge.ch\/it\/wp-json\/wp\/v2\/categories?post=9178"},{"taxonomy":"post_tag","embeddable":true,"href":"https:\/\/oswald-sorge.ch\/it\/wp-json\/wp\/v2\/tags?post=9178"}],"curies":[{"name":"wp","href":"https:\/\/api.w.org\/{rel}","templated":true}]}}